{"id":542,"date":"2014-11-25T16:18:26","date_gmt":"2014-11-25T16:18:26","guid":{"rendered":"http:\/\/hostallacreu.com\/?p=542"},"modified":"2014-11-25T16:19:52","modified_gmt":"2014-11-25T16:19:52","slug":"cambio-de-imagen-y-nueva-pagina-web","status":"publish","type":"post","link":"https:\/\/hostallacreu.com\/es\/2014\/11\/25\/cambio-de-imagen-y-nueva-pagina-web\/","title":{"rendered":"Cambio de imagen y nueva p\u00e1gina web"},"content":{"rendered":"<p><a href=\"https:\/\/hostallacreu.com\/wp-content\/uploads\/2014\/11\/nova-web-hostal-la-creu-mora-ebre-06.jpg\"><img loading=\"lazy\" decoding=\"async\" class=\"wp-image-378 alignleft\" src=\"https:\/\/hostallacreu.com\/wp-content\/uploads\/2014\/11\/nova-web-hostal-la-creu-mora-ebre-06.jpg\" alt=\"nova web hostal la creu mora ebre-06\" width=\"485\" height=\"504\" srcset=\"https:\/\/hostallacreu.com\/wp-content\/uploads\/2014\/11\/nova-web-hostal-la-creu-mora-ebre-06.jpg 835w, https:\/\/hostallacreu.com\/wp-content\/uploads\/2014\/11\/nova-web-hostal-la-creu-mora-ebre-06-288x300.jpg 288w, https:\/\/hostallacreu.com\/wp-content\/uploads\/2014\/11\/nova-web-hostal-la-creu-mora-ebre-06-624x649.jpg 624w\" sizes=\"auto, (max-width: 485px) 100vw, 485px\" \/><\/a><\/p>\n<p>Estos d\u00edas estamos de cambios virtuales en el Hostal Gastron\u00f3mico La Creu, ya que hemos renovado nuestra imagen gr\u00e1fica. La hemos querido hacer m\u00e1s moderna ya la vez m\u00e1s pr\u00f3xima a nuestro entorno. Incorporamos en una de las im\u00e1genes corporativas el puente de arcadas de Mora de Ebro, un s\u00edmbolo irrevocable de nuestra comarca. Adoptamos el color azul por la relaci\u00f3n con el agua que el gran r\u00edo Ebro transporta.<\/p>\n<p>La p\u00e1gina web incorpora m\u00e1s informaci\u00f3n sobre nuestro establecimiento, pero tambi\u00e9n sobre nuestro entorno. Hemos incorporado toda la informaci\u00f3n de nuestros men\u00fas, carta y picadas, as\u00ed como los men\u00fas especiales celebraciones o para grupos. Adem\u00e1s, nuestro chef, peri\u00f3dicamente comparte las recetas que prepara en nuestra cocina.<\/p>\n<p>Nos esforzamos para que nuestros clientes tengan la m\u00e1xima informaci\u00f3n para organizar su viaje, es por ello que tambi\u00e9n proponemos lugares de visita, recomiendan actividades tur\u00edsticas y seguimos la agenda tur\u00edstica de la comarca.<\/p>\n<p>Por \u00faltimo, la novedad m\u00e1s importante es la posibilidad de efectuar una reserva en l\u00ednea ya sea de una habitaci\u00f3n o de una mesa del restaurante.<\/p>\n","protected":false},"excerpt":{"rendered":"<p>Estos d\u00edas estamos de cambios virtuales en el Hostal Gastron\u00f3mico La Creu, ya que hemos renovado nuestra imagen gr\u00e1fica. La hemos querido hacer m\u00e1s moderna ya la vez m\u00e1s pr\u00f3xima a nuestro entorno. Incorporamos en una de las im\u00e1genes corporativas el puente de arcadas de Mora de Ebro, un s\u00edmbolo irrevocable de nuestra comarca. Adoptamos [&hellip;]<\/p>\n","protected":false},"author":3,"featured_media":0,"comment_status":"closed","ping_status":"closed","sticky":false,"template":"","format":"standard","meta":{"_monsterinsights_skip_tracking":false,"_monsterinsights_sitenote_active":false,"_monsterinsights_sitenote_note":"","_monsterinsights_sitenote_category":0,"footnotes":""},"categories":[15],"tags":[],"class_list":["post-542","post","type-post","status-publish","format-standard","hentry","category-noticias"],"yoast_head":"<!-- This site is optimized with the Yoast SEO plugin v26.2 - https:\/\/yoast.com\/wordpress\/plugins\/seo\/ -->\n<title>Cambio de imagen y nueva p\u00e1gina web - Hostal Gastron\u00f2mic La Creu<\/title>\n<meta name=\"description\" content=\"Estos d\u00edas estamos de cambios virtuales en el Hostal Gastron\u00f3mico La Creu, ya que hemos renovado nuestra imagen gr\u00e1fica. La hemos querido hacer m\u00e1s\" \/>\n<meta name=\"robots\" content=\"index, follow, max-snippet:-1, max-image-preview:large, max-video-preview:-1\" \/>\n<link rel=\"canonical\" href=\"https:\/\/hostallacreu.com\/es\/2014\/11\/25\/cambio-de-imagen-y-nueva-pagina-web\/\" \/>\n<meta property=\"og:locale\" content=\"es_ES\" \/>\n<meta property=\"og:type\" content=\"article\" \/>\n<meta property=\"og:title\" content=\"Cambio de imagen y nueva p\u00e1gina web - Hostal Gastron\u00f2mic La Creu\" \/>\n<meta property=\"og:description\" content=\"Estos d\u00edas estamos de cambios virtuales en el Hostal Gastron\u00f3mico La Creu, ya que hemos renovado nuestra imagen gr\u00e1fica. La hemos querido hacer m\u00e1s\" \/>\n<meta property=\"og:url\" content=\"https:\/\/hostallacreu.com\/es\/2014\/11\/25\/cambio-de-imagen-y-nueva-pagina-web\/\" \/>\n<meta property=\"og:site_name\" content=\"Hostal Gastron\u00f2mic La Creu\" \/>\n<meta property=\"article:published_time\" content=\"2014-11-25T16:18:26+00:00\" \/>\n<meta property=\"article:modified_time\" content=\"2014-11-25T16:19:52+00:00\" \/>\n<meta property=\"og:image\" content=\"http:\/\/hostallacreu.com\/wp-content\/uploads\/2014\/11\/nova-web-hostal-la-creu-mora-ebre-06.jpg\" \/>\n<meta name=\"author\" content=\"Noelia Guirao\" \/>\n<meta name=\"twitter:label1\" content=\"Escrito por\" \/>\n\t<meta name=\"twitter:data1\" content=\"Noelia Guirao\" \/>\n\t<meta name=\"twitter:label2\" content=\"Tiempo de lectura\" \/>\n\t<meta name=\"twitter:data2\" content=\"1 minuto\" \/>\n<script type=\"application\/ld+json\" class=\"yoast-schema-graph\">{\"@context\":\"https:\/\/schema.org\",\"@graph\":[{\"@type\":\"WebPage\",\"@id\":\"https:\/\/hostallacreu.com\/es\/2014\/11\/25\/cambio-de-imagen-y-nueva-pagina-web\/\",\"url\":\"https:\/\/hostallacreu.com\/es\/2014\/11\/25\/cambio-de-imagen-y-nueva-pagina-web\/\",\"name\":\"Cambio de imagen y nueva p\u00e1gina web - Hostal Gastron\u00f2mic La Creu\",\"isPartOf\":{\"@id\":\"https:\/\/hostallacreu.com\/#website\"},\"primaryImageOfPage\":{\"@id\":\"https:\/\/hostallacreu.com\/es\/2014\/11\/25\/cambio-de-imagen-y-nueva-pagina-web\/#primaryimage\"},\"image\":{\"@id\":\"https:\/\/hostallacreu.com\/es\/2014\/11\/25\/cambio-de-imagen-y-nueva-pagina-web\/#primaryimage\"},\"thumbnailUrl\":\"http:\/\/hostallacreu.com\/wp-content\/uploads\/2014\/11\/nova-web-hostal-la-creu-mora-ebre-06.jpg\",\"datePublished\":\"2014-11-25T16:18:26+00:00\",\"dateModified\":\"2014-11-25T16:19:52+00:00\",\"author\":{\"@id\":\"https:\/\/hostallacreu.com\/#\/schema\/person\/ba53df7c358859b7f9b91afa478d97a6\"},\"description\":\"Estos d\u00edas estamos de cambios virtuales en el Hostal Gastron\u00f3mico La Creu, ya que hemos renovado nuestra imagen gr\u00e1fica. La hemos querido hacer m\u00e1s\",\"breadcrumb\":{\"@id\":\"https:\/\/hostallacreu.com\/es\/2014\/11\/25\/cambio-de-imagen-y-nueva-pagina-web\/#breadcrumb\"},\"inLanguage\":\"es\",\"potentialAction\":[{\"@type\":\"ReadAction\",\"target\":[\"https:\/\/hostallacreu.com\/es\/2014\/11\/25\/cambio-de-imagen-y-nueva-pagina-web\/\"]}]},{\"@type\":\"ImageObject\",\"inLanguage\":\"es\",\"@id\":\"https:\/\/hostallacreu.com\/es\/2014\/11\/25\/cambio-de-imagen-y-nueva-pagina-web\/#primaryimage\",\"url\":\"http:\/\/hostallacreu.com\/wp-content\/uploads\/2014\/11\/nova-web-hostal-la-creu-mora-ebre-06.jpg\",\"contentUrl\":\"http:\/\/hostallacreu.com\/wp-content\/uploads\/2014\/11\/nova-web-hostal-la-creu-mora-ebre-06.jpg\"},{\"@type\":\"BreadcrumbList\",\"@id\":\"https:\/\/hostallacreu.com\/es\/2014\/11\/25\/cambio-de-imagen-y-nueva-pagina-web\/#breadcrumb\",\"itemListElement\":[{\"@type\":\"ListItem\",\"position\":1,\"name\":\"Home\",\"item\":\"https:\/\/hostallacreu.com\/es\/\"},{\"@type\":\"ListItem\",\"position\":2,\"name\":\"Cambio de imagen y nueva p\u00e1gina web\"}]},{\"@type\":\"WebSite\",\"@id\":\"https:\/\/hostallacreu.com\/#website\",\"url\":\"https:\/\/hostallacreu.com\/\",\"name\":\"Hostal Gastron\u00f2mic La Creu\",\"description\":\"El teu allotjament i restaurant a la Ribera d&#039;Ebre\",\"potentialAction\":[{\"@type\":\"SearchAction\",\"target\":{\"@type\":\"EntryPoint\",\"urlTemplate\":\"https:\/\/hostallacreu.com\/?s={search_term_string}\"},\"query-input\":{\"@type\":\"PropertyValueSpecification\",\"valueRequired\":true,\"valueName\":\"search_term_string\"}}],\"inLanguage\":\"es\"},{\"@type\":\"Person\",\"@id\":\"https:\/\/hostallacreu.com\/#\/schema\/person\/ba53df7c358859b7f9b91afa478d97a6\",\"name\":\"Noelia Guirao\",\"image\":{\"@type\":\"ImageObject\",\"inLanguage\":\"es\",\"@id\":\"https:\/\/hostallacreu.com\/#\/schema\/person\/image\/\",\"url\":\"https:\/\/secure.gravatar.com\/avatar\/2adcc9e69ff93845e46ee70a3d73a45fee38519769934b8fdba684516e40dec6?s=96&d=mm&r=g\",\"contentUrl\":\"https:\/\/secure.gravatar.com\/avatar\/2adcc9e69ff93845e46ee70a3d73a45fee38519769934b8fdba684516e40dec6?s=96&d=mm&r=g\",\"caption\":\"Noelia Guirao\"},\"sameAs\":[\"http:\/\/www.hostallacreu.com\"],\"url\":\"https:\/\/hostallacreu.com\/es\/author\/noelia\/\"}]}<\/script>\n<!-- \/ Yoast SEO plugin. -->","yoast_head_json":{"title":"Cambio de imagen y nueva p\u00e1gina web - Hostal Gastron\u00f2mic La Creu","description":"Estos d\u00edas estamos de cambios virtuales en el Hostal Gastron\u00f3mico La Creu, ya que hemos renovado nuestra imagen gr\u00e1fica. La hemos querido hacer m\u00e1s","robots":{"index":"index","follow":"follow","max-snippet":"max-snippet:-1","max-image-preview":"max-image-preview:large","max-video-preview":"max-video-preview:-1"},"canonical":"https:\/\/hostallacreu.com\/es\/2014\/11\/25\/cambio-de-imagen-y-nueva-pagina-web\/","og_locale":"es_ES","og_type":"article","og_title":"Cambio de imagen y nueva p\u00e1gina web - Hostal Gastron\u00f2mic La Creu","og_description":"Estos d\u00edas estamos de cambios virtuales en el Hostal Gastron\u00f3mico La Creu, ya que hemos renovado nuestra imagen gr\u00e1fica. La hemos querido hacer m\u00e1s","og_url":"https:\/\/hostallacreu.com\/es\/2014\/11\/25\/cambio-de-imagen-y-nueva-pagina-web\/","og_site_name":"Hostal Gastron\u00f2mic La Creu","article_published_time":"2014-11-25T16:18:26+00:00","article_modified_time":"2014-11-25T16:19:52+00:00","og_image":[{"url":"http:\/\/hostallacreu.com\/wp-content\/uploads\/2014\/11\/nova-web-hostal-la-creu-mora-ebre-06.jpg","type":"","width":"","height":""}],"author":"Noelia Guirao","twitter_misc":{"Escrito por":"Noelia Guirao","Tiempo de lectura":"1 minuto"},"schema":{"@context":"https:\/\/schema.org","@graph":[{"@type":"WebPage","@id":"https:\/\/hostallacreu.com\/es\/2014\/11\/25\/cambio-de-imagen-y-nueva-pagina-web\/","url":"https:\/\/hostallacreu.com\/es\/2014\/11\/25\/cambio-de-imagen-y-nueva-pagina-web\/","name":"Cambio de imagen y nueva p\u00e1gina web - Hostal Gastron\u00f2mic La Creu","isPartOf":{"@id":"https:\/\/hostallacreu.com\/#website"},"primaryImageOfPage":{"@id":"https:\/\/hostallacreu.com\/es\/2014\/11\/25\/cambio-de-imagen-y-nueva-pagina-web\/#primaryimage"},"image":{"@id":"https:\/\/hostallacreu.com\/es\/2014\/11\/25\/cambio-de-imagen-y-nueva-pagina-web\/#primaryimage"},"thumbnailUrl":"http:\/\/hostallacreu.com\/wp-content\/uploads\/2014\/11\/nova-web-hostal-la-creu-mora-ebre-06.jpg","datePublished":"2014-11-25T16:18:26+00:00","dateModified":"2014-11-25T16:19:52+00:00","author":{"@id":"https:\/\/hostallacreu.com\/#\/schema\/person\/ba53df7c358859b7f9b91afa478d97a6"},"description":"Estos d\u00edas estamos de cambios virtuales en el Hostal Gastron\u00f3mico La Creu, ya que hemos renovado nuestra imagen gr\u00e1fica. La hemos querido hacer m\u00e1s","breadcrumb":{"@id":"https:\/\/hostallacreu.com\/es\/2014\/11\/25\/cambio-de-imagen-y-nueva-pagina-web\/#breadcrumb"},"inLanguage":"es","potentialAction":[{"@type":"ReadAction","target":["https:\/\/hostallacreu.com\/es\/2014\/11\/25\/cambio-de-imagen-y-nueva-pagina-web\/"]}]},{"@type":"ImageObject","inLanguage":"es","@id":"https:\/\/hostallacreu.com\/es\/2014\/11\/25\/cambio-de-imagen-y-nueva-pagina-web\/#primaryimage","url":"http:\/\/hostallacreu.com\/wp-content\/uploads\/2014\/11\/nova-web-hostal-la-creu-mora-ebre-06.jpg","contentUrl":"http:\/\/hostallacreu.com\/wp-content\/uploads\/2014\/11\/nova-web-hostal-la-creu-mora-ebre-06.jpg"},{"@type":"BreadcrumbList","@id":"https:\/\/hostallacreu.com\/es\/2014\/11\/25\/cambio-de-imagen-y-nueva-pagina-web\/#breadcrumb","itemListElement":[{"@type":"ListItem","position":1,"name":"Home","item":"https:\/\/hostallacreu.com\/es\/"},{"@type":"ListItem","position":2,"name":"Cambio de imagen y nueva p\u00e1gina web"}]},{"@type":"WebSite","@id":"https:\/\/hostallacreu.com\/#website","url":"https:\/\/hostallacreu.com\/","name":"Hostal Gastron\u00f2mic La Creu","description":"El teu allotjament i restaurant a la Ribera d&#039;Ebre","potentialAction":[{"@type":"SearchAction","target":{"@type":"EntryPoint","urlTemplate":"https:\/\/hostallacreu.com\/?s={search_term_string}"},"query-input":{"@type":"PropertyValueSpecification","valueRequired":true,"valueName":"search_term_string"}}],"inLanguage":"es"},{"@type":"Person","@id":"https:\/\/hostallacreu.com\/#\/schema\/person\/ba53df7c358859b7f9b91afa478d97a6","name":"Noelia Guirao","image":{"@type":"ImageObject","inLanguage":"es","@id":"https:\/\/hostallacreu.com\/#\/schema\/person\/image\/","url":"https:\/\/secure.gravatar.com\/avatar\/2adcc9e69ff93845e46ee70a3d73a45fee38519769934b8fdba684516e40dec6?s=96&d=mm&r=g","contentUrl":"https:\/\/secure.gravatar.com\/avatar\/2adcc9e69ff93845e46ee70a3d73a45fee38519769934b8fdba684516e40dec6?s=96&d=mm&r=g","caption":"Noelia Guirao"},"sameAs":["http:\/\/www.hostallacreu.com"],"url":"https:\/\/hostallacreu.com\/es\/author\/noelia\/"}]}},"_links":{"self":[{"href":"https:\/\/hostallacreu.com\/es\/wp-json\/wp\/v2\/posts\/542","targetHints":{"allow":["GET"]}}],"collection":[{"href":"https:\/\/hostallacreu.com\/es\/wp-json\/wp\/v2\/posts"}],"about":[{"href":"https:\/\/hostallacreu.com\/es\/wp-json\/wp\/v2\/types\/post"}],"author":[{"embeddable":true,"href":"https:\/\/hostallacreu.com\/es\/wp-json\/wp\/v2\/users\/3"}],"replies":[{"embeddable":true,"href":"https:\/\/hostallacreu.com\/es\/wp-json\/wp\/v2\/comments?post=542"}],"version-history":[{"count":3,"href":"https:\/\/hostallacreu.com\/es\/wp-json\/wp\/v2\/posts\/542\/revisions"}],"predecessor-version":[{"id":545,"href":"https:\/\/hostallacreu.com\/es\/wp-json\/wp\/v2\/posts\/542\/revisions\/545"}],"wp:attachment":[{"href":"https:\/\/hostallacreu.com\/es\/wp-json\/wp\/v2\/media?parent=542"}],"wp:term":[{"taxonomy":"category","embeddable":true,"href":"https:\/\/hostallacreu.com\/es\/wp-json\/wp\/v2\/categories?post=542"},{"taxonomy":"post_tag","embeddable":true,"href":"https:\/\/hostallacreu.com\/es\/wp-json\/wp\/v2\/tags?post=542"}],"curies":[{"name":"wp","href":"https:\/\/api.w.org\/{rel}","templated":true}]}}