{"id":1367,"date":"2015-12-09T22:37:57","date_gmt":"2015-12-09T22:37:57","guid":{"rendered":"http:\/\/hostallacreu.com\/?p=1367"},"modified":"2015-12-09T22:37:57","modified_gmt":"2015-12-09T22:37:57","slug":"fira-de-nadal-de-mora-la-nova","status":"publish","type":"post","link":"https:\/\/hostallacreu.com\/es\/2015\/12\/09\/fira-de-nadal-de-mora-la-nova\/","title":{"rendered":"Fira de Nadal de M\u00f3ra la Nova"},"content":{"rendered":"<p>Durant els dies 12 i 13 de desembre a M\u00f3ra la Nova se celebra la XII Fira de Nadal al pavell\u00f3 firal. Enguany destaca la presentaci\u00f3 de la capsa de galetes \u00abLa Bonita\u00bb en refer\u00e8ncia a l&#8217;intens passat ferroviari del municipi que es far\u00e0 el dissabte 12 a les 17 h.<br \/>\n<a href=\"https:\/\/hostallacreu.com\/wp-content\/uploads\/2015\/12\/Fira_de_nadal.jpg\"><img loading=\"lazy\" decoding=\"async\" class=\"alignright size-full wp-image-1368\" src=\"https:\/\/hostallacreu.com\/wp-content\/uploads\/2015\/12\/Fira_de_nadal.jpg\" alt=\"fira de nadal de m\u00f3ra la nova\" width=\"861\" height=\"1217\" srcset=\"https:\/\/hostallacreu.com\/wp-content\/uploads\/2015\/12\/Fira_de_nadal.jpg 861w, https:\/\/hostallacreu.com\/wp-content\/uploads\/2015\/12\/Fira_de_nadal-212x300.jpg 212w, https:\/\/hostallacreu.com\/wp-content\/uploads\/2015\/12\/Fira_de_nadal-724x1024.jpg 724w, https:\/\/hostallacreu.com\/wp-content\/uploads\/2015\/12\/Fira_de_nadal-624x882.jpg 624w\" sizes=\"auto, (max-width: 861px) 100vw, 861px\" \/><\/a><\/p>\n","protected":false},"excerpt":{"rendered":"<p>Durant els dies 12 i 13 de desembre a M\u00f3ra la Nova se celebra la XII Fira de Nadal al pavell\u00f3 firal. Enguany destaca la presentaci\u00f3 de la capsa de galetes \u00abLa Bonita\u00bb en refer\u00e8ncia a l&#8217;intens passat ferroviari del municipi que es far\u00e0 el dissabte 12 a les 17 h.<\/p>\n","protected":false},"author":3,"featured_media":0,"comment_status":"closed","ping_status":"closed","sticky":false,"template":"","format":"standard","meta":{"_monsterinsights_skip_tracking":false,"_monsterinsights_sitenote_active":false,"_monsterinsights_sitenote_note":"","_monsterinsights_sitenote_category":0,"footnotes":""},"categories":[15],"tags":[9,79],"class_list":["post-1367","post","type-post","status-publish","format-standard","hentry","category-noticias","tag-fira-de-nadal","tag-mora-la-nova"],"yoast_head":"<!-- This site is optimized with the Yoast SEO plugin v26.2 - https:\/\/yoast.com\/wordpress\/plugins\/seo\/ -->\n<title>Fira de Nadal de M\u00f3ra la Nova<\/title>\n<meta name=\"description\" content=\"Durant els dies 12 i 13 de desembre a M\u00f3ra la Nova se celebra la XII Fira de Nadal al pavell\u00f3 firal.\" \/>\n<meta name=\"robots\" content=\"index, follow, max-snippet:-1, max-image-preview:large, max-video-preview:-1\" \/>\n<link rel=\"canonical\" href=\"https:\/\/hostallacreu.com\/es\/2015\/12\/09\/fira-de-nadal-de-mora-la-nova\/\" \/>\n<meta property=\"og:locale\" content=\"es_ES\" \/>\n<meta property=\"og:type\" content=\"article\" \/>\n<meta property=\"og:title\" content=\"Fira de Nadal de M\u00f3ra la Nova\" \/>\n<meta property=\"og:description\" content=\"Durant els dies 12 i 13 de desembre a M\u00f3ra la Nova se celebra la XII Fira de Nadal al pavell\u00f3 firal.\" \/>\n<meta property=\"og:url\" content=\"https:\/\/hostallacreu.com\/es\/2015\/12\/09\/fira-de-nadal-de-mora-la-nova\/\" \/>\n<meta property=\"og:site_name\" content=\"Hostal Gastron\u00f2mic La Creu\" \/>\n<meta property=\"article:published_time\" content=\"2015-12-09T22:37:57+00:00\" \/>\n<meta property=\"og:image\" content=\"http:\/\/hostallacreu.com\/wp-content\/uploads\/2015\/12\/Fira_de_nadal.jpg\" \/>\n<meta name=\"author\" content=\"Noelia Guirao\" \/>\n<meta name=\"twitter:label1\" content=\"Escrito por\" \/>\n\t<meta name=\"twitter:data1\" content=\"Noelia Guirao\" \/>\n<script type=\"application\/ld+json\" class=\"yoast-schema-graph\">{\"@context\":\"https:\/\/schema.org\",\"@graph\":[{\"@type\":\"WebPage\",\"@id\":\"https:\/\/hostallacreu.com\/es\/2015\/12\/09\/fira-de-nadal-de-mora-la-nova\/\",\"url\":\"https:\/\/hostallacreu.com\/es\/2015\/12\/09\/fira-de-nadal-de-mora-la-nova\/\",\"name\":\"Fira de Nadal de M\u00f3ra la Nova\",\"isPartOf\":{\"@id\":\"https:\/\/hostallacreu.com\/#website\"},\"primaryImageOfPage\":{\"@id\":\"https:\/\/hostallacreu.com\/es\/2015\/12\/09\/fira-de-nadal-de-mora-la-nova\/#primaryimage\"},\"image\":{\"@id\":\"https:\/\/hostallacreu.com\/es\/2015\/12\/09\/fira-de-nadal-de-mora-la-nova\/#primaryimage\"},\"thumbnailUrl\":\"http:\/\/hostallacreu.com\/wp-content\/uploads\/2015\/12\/Fira_de_nadal.jpg\",\"datePublished\":\"2015-12-09T22:37:57+00:00\",\"author\":{\"@id\":\"https:\/\/hostallacreu.com\/#\/schema\/person\/ba53df7c358859b7f9b91afa478d97a6\"},\"description\":\"Durant els dies 12 i 13 de desembre a M\u00f3ra la Nova se celebra la XII Fira de Nadal al pavell\u00f3 firal.\",\"breadcrumb\":{\"@id\":\"https:\/\/hostallacreu.com\/es\/2015\/12\/09\/fira-de-nadal-de-mora-la-nova\/#breadcrumb\"},\"inLanguage\":\"es\",\"potentialAction\":[{\"@type\":\"ReadAction\",\"target\":[\"https:\/\/hostallacreu.com\/es\/2015\/12\/09\/fira-de-nadal-de-mora-la-nova\/\"]}]},{\"@type\":\"ImageObject\",\"inLanguage\":\"es\",\"@id\":\"https:\/\/hostallacreu.com\/es\/2015\/12\/09\/fira-de-nadal-de-mora-la-nova\/#primaryimage\",\"url\":\"http:\/\/hostallacreu.com\/wp-content\/uploads\/2015\/12\/Fira_de_nadal.jpg\",\"contentUrl\":\"http:\/\/hostallacreu.com\/wp-content\/uploads\/2015\/12\/Fira_de_nadal.jpg\"},{\"@type\":\"BreadcrumbList\",\"@id\":\"https:\/\/hostallacreu.com\/es\/2015\/12\/09\/fira-de-nadal-de-mora-la-nova\/#breadcrumb\",\"itemListElement\":[{\"@type\":\"ListItem\",\"position\":1,\"name\":\"Home\",\"item\":\"https:\/\/hostallacreu.com\/es\/\"},{\"@type\":\"ListItem\",\"position\":2,\"name\":\"Fira de Nadal de M\u00f3ra la Nova\"}]},{\"@type\":\"WebSite\",\"@id\":\"https:\/\/hostallacreu.com\/#website\",\"url\":\"https:\/\/hostallacreu.com\/\",\"name\":\"Hostal Gastron\u00f2mic La Creu\",\"description\":\"El teu allotjament i restaurant a la Ribera d&#039;Ebre\",\"potentialAction\":[{\"@type\":\"SearchAction\",\"target\":{\"@type\":\"EntryPoint\",\"urlTemplate\":\"https:\/\/hostallacreu.com\/?s={search_term_string}\"},\"query-input\":{\"@type\":\"PropertyValueSpecification\",\"valueRequired\":true,\"valueName\":\"search_term_string\"}}],\"inLanguage\":\"es\"},{\"@type\":\"Person\",\"@id\":\"https:\/\/hostallacreu.com\/#\/schema\/person\/ba53df7c358859b7f9b91afa478d97a6\",\"name\":\"Noelia Guirao\",\"image\":{\"@type\":\"ImageObject\",\"inLanguage\":\"es\",\"@id\":\"https:\/\/hostallacreu.com\/#\/schema\/person\/image\/\",\"url\":\"https:\/\/secure.gravatar.com\/avatar\/2adcc9e69ff93845e46ee70a3d73a45fee38519769934b8fdba684516e40dec6?s=96&d=mm&r=g\",\"contentUrl\":\"https:\/\/secure.gravatar.com\/avatar\/2adcc9e69ff93845e46ee70a3d73a45fee38519769934b8fdba684516e40dec6?s=96&d=mm&r=g\",\"caption\":\"Noelia Guirao\"},\"sameAs\":[\"http:\/\/www.hostallacreu.com\"],\"url\":\"https:\/\/hostallacreu.com\/es\/author\/noelia\/\"}]}<\/script>\n<!-- \/ Yoast SEO plugin. -->","yoast_head_json":{"title":"Fira de Nadal de M\u00f3ra la Nova","description":"Durant els dies 12 i 13 de desembre a M\u00f3ra la Nova se celebra la XII Fira de Nadal al pavell\u00f3 firal.","robots":{"index":"index","follow":"follow","max-snippet":"max-snippet:-1","max-image-preview":"max-image-preview:large","max-video-preview":"max-video-preview:-1"},"canonical":"https:\/\/hostallacreu.com\/es\/2015\/12\/09\/fira-de-nadal-de-mora-la-nova\/","og_locale":"es_ES","og_type":"article","og_title":"Fira de Nadal de M\u00f3ra la Nova","og_description":"Durant els dies 12 i 13 de desembre a M\u00f3ra la Nova se celebra la XII Fira de Nadal al pavell\u00f3 firal.","og_url":"https:\/\/hostallacreu.com\/es\/2015\/12\/09\/fira-de-nadal-de-mora-la-nova\/","og_site_name":"Hostal Gastron\u00f2mic La Creu","article_published_time":"2015-12-09T22:37:57+00:00","og_image":[{"url":"http:\/\/hostallacreu.com\/wp-content\/uploads\/2015\/12\/Fira_de_nadal.jpg","type":"","width":"","height":""}],"author":"Noelia Guirao","twitter_misc":{"Escrito por":"Noelia Guirao"},"schema":{"@context":"https:\/\/schema.org","@graph":[{"@type":"WebPage","@id":"https:\/\/hostallacreu.com\/es\/2015\/12\/09\/fira-de-nadal-de-mora-la-nova\/","url":"https:\/\/hostallacreu.com\/es\/2015\/12\/09\/fira-de-nadal-de-mora-la-nova\/","name":"Fira de Nadal de M\u00f3ra la Nova","isPartOf":{"@id":"https:\/\/hostallacreu.com\/#website"},"primaryImageOfPage":{"@id":"https:\/\/hostallacreu.com\/es\/2015\/12\/09\/fira-de-nadal-de-mora-la-nova\/#primaryimage"},"image":{"@id":"https:\/\/hostallacreu.com\/es\/2015\/12\/09\/fira-de-nadal-de-mora-la-nova\/#primaryimage"},"thumbnailUrl":"http:\/\/hostallacreu.com\/wp-content\/uploads\/2015\/12\/Fira_de_nadal.jpg","datePublished":"2015-12-09T22:37:57+00:00","author":{"@id":"https:\/\/hostallacreu.com\/#\/schema\/person\/ba53df7c358859b7f9b91afa478d97a6"},"description":"Durant els dies 12 i 13 de desembre a M\u00f3ra la Nova se celebra la XII Fira de Nadal al pavell\u00f3 firal.","breadcrumb":{"@id":"https:\/\/hostallacreu.com\/es\/2015\/12\/09\/fira-de-nadal-de-mora-la-nova\/#breadcrumb"},"inLanguage":"es","potentialAction":[{"@type":"ReadAction","target":["https:\/\/hostallacreu.com\/es\/2015\/12\/09\/fira-de-nadal-de-mora-la-nova\/"]}]},{"@type":"ImageObject","inLanguage":"es","@id":"https:\/\/hostallacreu.com\/es\/2015\/12\/09\/fira-de-nadal-de-mora-la-nova\/#primaryimage","url":"http:\/\/hostallacreu.com\/wp-content\/uploads\/2015\/12\/Fira_de_nadal.jpg","contentUrl":"http:\/\/hostallacreu.com\/wp-content\/uploads\/2015\/12\/Fira_de_nadal.jpg"},{"@type":"BreadcrumbList","@id":"https:\/\/hostallacreu.com\/es\/2015\/12\/09\/fira-de-nadal-de-mora-la-nova\/#breadcrumb","itemListElement":[{"@type":"ListItem","position":1,"name":"Home","item":"https:\/\/hostallacreu.com\/es\/"},{"@type":"ListItem","position":2,"name":"Fira de Nadal de M\u00f3ra la Nova"}]},{"@type":"WebSite","@id":"https:\/\/hostallacreu.com\/#website","url":"https:\/\/hostallacreu.com\/","name":"Hostal Gastron\u00f2mic La Creu","description":"El teu allotjament i restaurant a la Ribera d&#039;Ebre","potentialAction":[{"@type":"SearchAction","target":{"@type":"EntryPoint","urlTemplate":"https:\/\/hostallacreu.com\/?s={search_term_string}"},"query-input":{"@type":"PropertyValueSpecification","valueRequired":true,"valueName":"search_term_string"}}],"inLanguage":"es"},{"@type":"Person","@id":"https:\/\/hostallacreu.com\/#\/schema\/person\/ba53df7c358859b7f9b91afa478d97a6","name":"Noelia Guirao","image":{"@type":"ImageObject","inLanguage":"es","@id":"https:\/\/hostallacreu.com\/#\/schema\/person\/image\/","url":"https:\/\/secure.gravatar.com\/avatar\/2adcc9e69ff93845e46ee70a3d73a45fee38519769934b8fdba684516e40dec6?s=96&d=mm&r=g","contentUrl":"https:\/\/secure.gravatar.com\/avatar\/2adcc9e69ff93845e46ee70a3d73a45fee38519769934b8fdba684516e40dec6?s=96&d=mm&r=g","caption":"Noelia Guirao"},"sameAs":["http:\/\/www.hostallacreu.com"],"url":"https:\/\/hostallacreu.com\/es\/author\/noelia\/"}]}},"_links":{"self":[{"href":"https:\/\/hostallacreu.com\/es\/wp-json\/wp\/v2\/posts\/1367","targetHints":{"allow":["GET"]}}],"collection":[{"href":"https:\/\/hostallacreu.com\/es\/wp-json\/wp\/v2\/posts"}],"about":[{"href":"https:\/\/hostallacreu.com\/es\/wp-json\/wp\/v2\/types\/post"}],"author":[{"embeddable":true,"href":"https:\/\/hostallacreu.com\/es\/wp-json\/wp\/v2\/users\/3"}],"replies":[{"embeddable":true,"href":"https:\/\/hostallacreu.com\/es\/wp-json\/wp\/v2\/comments?post=1367"}],"version-history":[{"count":1,"href":"https:\/\/hostallacreu.com\/es\/wp-json\/wp\/v2\/posts\/1367\/revisions"}],"predecessor-version":[{"id":1369,"href":"https:\/\/hostallacreu.com\/es\/wp-json\/wp\/v2\/posts\/1367\/revisions\/1369"}],"wp:attachment":[{"href":"https:\/\/hostallacreu.com\/es\/wp-json\/wp\/v2\/media?parent=1367"}],"wp:term":[{"taxonomy":"category","embeddable":true,"href":"https:\/\/hostallacreu.com\/es\/wp-json\/wp\/v2\/categories?post=1367"},{"taxonomy":"post_tag","embeddable":true,"href":"https:\/\/hostallacreu.com\/es\/wp-json\/wp\/v2\/tags?post=1367"}],"curies":[{"name":"wp","href":"https:\/\/api.w.org\/{rel}","templated":true}]}}