{"id":1260,"date":"2015-11-03T20:06:23","date_gmt":"2015-11-03T20:06:23","guid":{"rendered":"http:\/\/hostallacreu.com\/?p=1260"},"modified":"2015-11-15T22:58:34","modified_gmt":"2015-11-15T22:58:34","slug":"jornadas-de-la-seta","status":"publish","type":"post","link":"https:\/\/hostallacreu.com\/es\/2015\/11\/03\/jornadas-de-la-seta\/","title":{"rendered":"Jornadas de la Seta"},"content":{"rendered":"<p style=\"text-align: justify;\"><img loading=\"lazy\" decoding=\"async\" class=\"size-full wp-image-1327 aligncenter\" src=\"https:\/\/hostallacreu.com\/wp-content\/uploads\/2015\/11\/JORNADES-BOLET.png\" alt=\"JORNADES BOLET\" width=\"1243\" height=\"421\" srcset=\"https:\/\/hostallacreu.com\/wp-content\/uploads\/2015\/11\/JORNADES-BOLET.png 1243w, https:\/\/hostallacreu.com\/wp-content\/uploads\/2015\/11\/JORNADES-BOLET-300x102.png 300w, https:\/\/hostallacreu.com\/wp-content\/uploads\/2015\/11\/JORNADES-BOLET-1024x347.png 1024w, https:\/\/hostallacreu.com\/wp-content\/uploads\/2015\/11\/JORNADES-BOLET-624x211.png 624w\" sizes=\"auto, (max-width: 1243px) 100vw, 1243px\" \/><\/p>\n<p style=\"text-align: justify;\">El oto\u00f1o ya est\u00e1 muy presente en nuestro entorno, mientras los tonos ocres y dorados ba\u00f1an los paisajes de M\u00f3ra d&#8217;Ebre, en\u00a0cocina van llegando los productos de oto\u00f1o como las setas, las casta\u00f1as, las nueces, la naranja, la mandarina , la granada &#8230;<\/p>\n<p style=\"text-align: justify;\">Desde el Hostal queremos que vosotros tambi\u00e9n\u00a0disfrut\u00e9is\u00a0de la cocina de oto\u00f1o a trav\u00e9s de uno de sus productos m\u00e1s caracter\u00edsticos, las setas. Es por eso que hemos creado la primera edici\u00f3n de las Jornadas de la Seta. Durante todo el mes de noviembre incorporaremos en nuestra oferta de men\u00fas diferentes platos, tapas\u00a0y guarniciones donde la seta ser\u00e1 el ingrediente principal.<\/p>\n<p style=\"text-align: justify;\">Entre las propuestas que os hemos preparado encontrar\u00e9is los canelones de setas, la crema de setas, las croquetas de setas\u00a0o el revuelto de setas con baldana de arroz esparregada.<\/p>\n","protected":false},"excerpt":{"rendered":"<p>El oto\u00f1o ya est\u00e1 muy presente en nuestro entorno, mientras los tonos ocres y dorados ba\u00f1an los paisajes de M\u00f3ra d&#8217;Ebre, en\u00a0cocina van llegando los productos de oto\u00f1o como las setas, las casta\u00f1as, las nueces, la naranja, la mandarina , la granada &#8230; Desde el Hostal queremos que vosotros tambi\u00e9n\u00a0disfrut\u00e9is\u00a0de la cocina de oto\u00f1o a [&hellip;]<\/p>\n","protected":false},"author":3,"featured_media":0,"comment_status":"closed","ping_status":"closed","sticky":false,"template":"","format":"standard","meta":{"_monsterinsights_skip_tracking":false,"_monsterinsights_sitenote_active":false,"_monsterinsights_sitenote_note":"","_monsterinsights_sitenote_category":0,"footnotes":""},"categories":[15],"tags":[96,31,99,97,98],"class_list":["post-1260","post","type-post","status-publish","format-standard","hentry","category-noticias","tag-jornadas","tag-mora-debre","tag-restaurante","tag-seta","tag-setas"],"yoast_head":"<!-- This site is optimized with the Yoast SEO plugin v26.2 - https:\/\/yoast.com\/wordpress\/plugins\/seo\/ -->\n<title>Jornadas de la Seta del Hostal La Creu<\/title>\n<meta name=\"description\" content=\"Ven a disfrutar de la cocina de la seta en nuestro restaurante durante todo el mes de noviembre!\" \/>\n<meta name=\"robots\" content=\"index, follow, max-snippet:-1, max-image-preview:large, max-video-preview:-1\" \/>\n<link rel=\"canonical\" href=\"https:\/\/hostallacreu.com\/es\/2015\/11\/03\/jornadas-de-la-seta\/\" \/>\n<meta property=\"og:locale\" content=\"es_ES\" \/>\n<meta property=\"og:type\" content=\"article\" \/>\n<meta property=\"og:title\" content=\"Jornadas de la Seta del Hostal La Creu\" \/>\n<meta property=\"og:description\" content=\"Ven a disfrutar de la cocina de la seta en nuestro restaurante durante todo el mes de noviembre!\" \/>\n<meta property=\"og:url\" content=\"https:\/\/hostallacreu.com\/es\/2015\/11\/03\/jornadas-de-la-seta\/\" \/>\n<meta property=\"og:site_name\" content=\"Hostal Gastron\u00f2mic La Creu\" \/>\n<meta property=\"article:published_time\" content=\"2015-11-03T20:06:23+00:00\" \/>\n<meta property=\"article:modified_time\" content=\"2015-11-15T22:58:34+00:00\" \/>\n<meta property=\"og:image\" content=\"http:\/\/hostallacreu.com\/wp-content\/uploads\/2015\/11\/JORNADES-BOLET.png\" \/>\n<meta name=\"author\" content=\"Noelia Guirao\" \/>\n<meta name=\"twitter:label1\" content=\"Escrito por\" \/>\n\t<meta name=\"twitter:data1\" content=\"Noelia Guirao\" \/>\n\t<meta name=\"twitter:label2\" content=\"Tiempo de lectura\" \/>\n\t<meta name=\"twitter:data2\" content=\"1 minuto\" \/>\n<script type=\"application\/ld+json\" class=\"yoast-schema-graph\">{\"@context\":\"https:\/\/schema.org\",\"@graph\":[{\"@type\":\"WebPage\",\"@id\":\"https:\/\/hostallacreu.com\/es\/2015\/11\/03\/jornadas-de-la-seta\/\",\"url\":\"https:\/\/hostallacreu.com\/es\/2015\/11\/03\/jornadas-de-la-seta\/\",\"name\":\"Jornadas de la Seta del Hostal La Creu\",\"isPartOf\":{\"@id\":\"https:\/\/hostallacreu.com\/#website\"},\"primaryImageOfPage\":{\"@id\":\"https:\/\/hostallacreu.com\/es\/2015\/11\/03\/jornadas-de-la-seta\/#primaryimage\"},\"image\":{\"@id\":\"https:\/\/hostallacreu.com\/es\/2015\/11\/03\/jornadas-de-la-seta\/#primaryimage\"},\"thumbnailUrl\":\"http:\/\/hostallacreu.com\/wp-content\/uploads\/2015\/11\/JORNADES-BOLET.png\",\"datePublished\":\"2015-11-03T20:06:23+00:00\",\"dateModified\":\"2015-11-15T22:58:34+00:00\",\"author\":{\"@id\":\"https:\/\/hostallacreu.com\/#\/schema\/person\/ba53df7c358859b7f9b91afa478d97a6\"},\"description\":\"Ven a disfrutar de la cocina de la seta en nuestro restaurante durante todo el mes de noviembre!\",\"breadcrumb\":{\"@id\":\"https:\/\/hostallacreu.com\/es\/2015\/11\/03\/jornadas-de-la-seta\/#breadcrumb\"},\"inLanguage\":\"es\",\"potentialAction\":[{\"@type\":\"ReadAction\",\"target\":[\"https:\/\/hostallacreu.com\/es\/2015\/11\/03\/jornadas-de-la-seta\/\"]}]},{\"@type\":\"ImageObject\",\"inLanguage\":\"es\",\"@id\":\"https:\/\/hostallacreu.com\/es\/2015\/11\/03\/jornadas-de-la-seta\/#primaryimage\",\"url\":\"http:\/\/hostallacreu.com\/wp-content\/uploads\/2015\/11\/JORNADES-BOLET.png\",\"contentUrl\":\"http:\/\/hostallacreu.com\/wp-content\/uploads\/2015\/11\/JORNADES-BOLET.png\"},{\"@type\":\"BreadcrumbList\",\"@id\":\"https:\/\/hostallacreu.com\/es\/2015\/11\/03\/jornadas-de-la-seta\/#breadcrumb\",\"itemListElement\":[{\"@type\":\"ListItem\",\"position\":1,\"name\":\"Home\",\"item\":\"https:\/\/hostallacreu.com\/es\/\"},{\"@type\":\"ListItem\",\"position\":2,\"name\":\"Jornadas de la Seta\"}]},{\"@type\":\"WebSite\",\"@id\":\"https:\/\/hostallacreu.com\/#website\",\"url\":\"https:\/\/hostallacreu.com\/\",\"name\":\"Hostal Gastron\u00f2mic La Creu\",\"description\":\"El teu allotjament i restaurant a la Ribera d&#039;Ebre\",\"potentialAction\":[{\"@type\":\"SearchAction\",\"target\":{\"@type\":\"EntryPoint\",\"urlTemplate\":\"https:\/\/hostallacreu.com\/?s={search_term_string}\"},\"query-input\":{\"@type\":\"PropertyValueSpecification\",\"valueRequired\":true,\"valueName\":\"search_term_string\"}}],\"inLanguage\":\"es\"},{\"@type\":\"Person\",\"@id\":\"https:\/\/hostallacreu.com\/#\/schema\/person\/ba53df7c358859b7f9b91afa478d97a6\",\"name\":\"Noelia Guirao\",\"image\":{\"@type\":\"ImageObject\",\"inLanguage\":\"es\",\"@id\":\"https:\/\/hostallacreu.com\/#\/schema\/person\/image\/\",\"url\":\"https:\/\/secure.gravatar.com\/avatar\/2adcc9e69ff93845e46ee70a3d73a45fee38519769934b8fdba684516e40dec6?s=96&d=mm&r=g\",\"contentUrl\":\"https:\/\/secure.gravatar.com\/avatar\/2adcc9e69ff93845e46ee70a3d73a45fee38519769934b8fdba684516e40dec6?s=96&d=mm&r=g\",\"caption\":\"Noelia Guirao\"},\"sameAs\":[\"http:\/\/www.hostallacreu.com\"],\"url\":\"https:\/\/hostallacreu.com\/es\/author\/noelia\/\"}]}<\/script>\n<!-- \/ Yoast SEO plugin. -->","yoast_head_json":{"title":"Jornadas de la Seta del Hostal La Creu","description":"Ven a disfrutar de la cocina de la seta en nuestro restaurante durante todo el mes de noviembre!","robots":{"index":"index","follow":"follow","max-snippet":"max-snippet:-1","max-image-preview":"max-image-preview:large","max-video-preview":"max-video-preview:-1"},"canonical":"https:\/\/hostallacreu.com\/es\/2015\/11\/03\/jornadas-de-la-seta\/","og_locale":"es_ES","og_type":"article","og_title":"Jornadas de la Seta del Hostal La Creu","og_description":"Ven a disfrutar de la cocina de la seta en nuestro restaurante durante todo el mes de noviembre!","og_url":"https:\/\/hostallacreu.com\/es\/2015\/11\/03\/jornadas-de-la-seta\/","og_site_name":"Hostal Gastron\u00f2mic La Creu","article_published_time":"2015-11-03T20:06:23+00:00","article_modified_time":"2015-11-15T22:58:34+00:00","og_image":[{"url":"http:\/\/hostallacreu.com\/wp-content\/uploads\/2015\/11\/JORNADES-BOLET.png","type":"","width":"","height":""}],"author":"Noelia Guirao","twitter_misc":{"Escrito por":"Noelia Guirao","Tiempo de lectura":"1 minuto"},"schema":{"@context":"https:\/\/schema.org","@graph":[{"@type":"WebPage","@id":"https:\/\/hostallacreu.com\/es\/2015\/11\/03\/jornadas-de-la-seta\/","url":"https:\/\/hostallacreu.com\/es\/2015\/11\/03\/jornadas-de-la-seta\/","name":"Jornadas de la Seta del Hostal La Creu","isPartOf":{"@id":"https:\/\/hostallacreu.com\/#website"},"primaryImageOfPage":{"@id":"https:\/\/hostallacreu.com\/es\/2015\/11\/03\/jornadas-de-la-seta\/#primaryimage"},"image":{"@id":"https:\/\/hostallacreu.com\/es\/2015\/11\/03\/jornadas-de-la-seta\/#primaryimage"},"thumbnailUrl":"http:\/\/hostallacreu.com\/wp-content\/uploads\/2015\/11\/JORNADES-BOLET.png","datePublished":"2015-11-03T20:06:23+00:00","dateModified":"2015-11-15T22:58:34+00:00","author":{"@id":"https:\/\/hostallacreu.com\/#\/schema\/person\/ba53df7c358859b7f9b91afa478d97a6"},"description":"Ven a disfrutar de la cocina de la seta en nuestro restaurante durante todo el mes de noviembre!","breadcrumb":{"@id":"https:\/\/hostallacreu.com\/es\/2015\/11\/03\/jornadas-de-la-seta\/#breadcrumb"},"inLanguage":"es","potentialAction":[{"@type":"ReadAction","target":["https:\/\/hostallacreu.com\/es\/2015\/11\/03\/jornadas-de-la-seta\/"]}]},{"@type":"ImageObject","inLanguage":"es","@id":"https:\/\/hostallacreu.com\/es\/2015\/11\/03\/jornadas-de-la-seta\/#primaryimage","url":"http:\/\/hostallacreu.com\/wp-content\/uploads\/2015\/11\/JORNADES-BOLET.png","contentUrl":"http:\/\/hostallacreu.com\/wp-content\/uploads\/2015\/11\/JORNADES-BOLET.png"},{"@type":"BreadcrumbList","@id":"https:\/\/hostallacreu.com\/es\/2015\/11\/03\/jornadas-de-la-seta\/#breadcrumb","itemListElement":[{"@type":"ListItem","position":1,"name":"Home","item":"https:\/\/hostallacreu.com\/es\/"},{"@type":"ListItem","position":2,"name":"Jornadas de la Seta"}]},{"@type":"WebSite","@id":"https:\/\/hostallacreu.com\/#website","url":"https:\/\/hostallacreu.com\/","name":"Hostal Gastron\u00f2mic La Creu","description":"El teu allotjament i restaurant a la Ribera d&#039;Ebre","potentialAction":[{"@type":"SearchAction","target":{"@type":"EntryPoint","urlTemplate":"https:\/\/hostallacreu.com\/?s={search_term_string}"},"query-input":{"@type":"PropertyValueSpecification","valueRequired":true,"valueName":"search_term_string"}}],"inLanguage":"es"},{"@type":"Person","@id":"https:\/\/hostallacreu.com\/#\/schema\/person\/ba53df7c358859b7f9b91afa478d97a6","name":"Noelia Guirao","image":{"@type":"ImageObject","inLanguage":"es","@id":"https:\/\/hostallacreu.com\/#\/schema\/person\/image\/","url":"https:\/\/secure.gravatar.com\/avatar\/2adcc9e69ff93845e46ee70a3d73a45fee38519769934b8fdba684516e40dec6?s=96&d=mm&r=g","contentUrl":"https:\/\/secure.gravatar.com\/avatar\/2adcc9e69ff93845e46ee70a3d73a45fee38519769934b8fdba684516e40dec6?s=96&d=mm&r=g","caption":"Noelia Guirao"},"sameAs":["http:\/\/www.hostallacreu.com"],"url":"https:\/\/hostallacreu.com\/es\/author\/noelia\/"}]}},"_links":{"self":[{"href":"https:\/\/hostallacreu.com\/es\/wp-json\/wp\/v2\/posts\/1260","targetHints":{"allow":["GET"]}}],"collection":[{"href":"https:\/\/hostallacreu.com\/es\/wp-json\/wp\/v2\/posts"}],"about":[{"href":"https:\/\/hostallacreu.com\/es\/wp-json\/wp\/v2\/types\/post"}],"author":[{"embeddable":true,"href":"https:\/\/hostallacreu.com\/es\/wp-json\/wp\/v2\/users\/3"}],"replies":[{"embeddable":true,"href":"https:\/\/hostallacreu.com\/es\/wp-json\/wp\/v2\/comments?post=1260"}],"version-history":[{"count":2,"href":"https:\/\/hostallacreu.com\/es\/wp-json\/wp\/v2\/posts\/1260\/revisions"}],"predecessor-version":[{"id":1349,"href":"https:\/\/hostallacreu.com\/es\/wp-json\/wp\/v2\/posts\/1260\/revisions\/1349"}],"wp:attachment":[{"href":"https:\/\/hostallacreu.com\/es\/wp-json\/wp\/v2\/media?parent=1260"}],"wp:term":[{"taxonomy":"category","embeddable":true,"href":"https:\/\/hostallacreu.com\/es\/wp-json\/wp\/v2\/categories?post=1260"},{"taxonomy":"post_tag","embeddable":true,"href":"https:\/\/hostallacreu.com\/es\/wp-json\/wp\/v2\/tags?post=1260"}],"curies":[{"name":"wp","href":"https:\/\/api.w.org\/{rel}","templated":true}]}}